{"id":4196,"date":"2026-09-05T16:36:17","date_gmt":"2026-09-05T14:36:17","guid":{"rendered":"https:\/\/parafiateresa.pl\/?p=4196"},"modified":"2026-09-05T16:36:18","modified_gmt":"2026-09-05T14:36:18","slug":"intencje-mszy-sw-95","status":"publish","type":"post","link":"https:\/\/parafiateresa.pl\/?p=4196","title":{"rendered":"INTENCJE MSZY \u015aW."},"content":{"rendered":"\n<p class=\"wp-block-paragraph\"><strong><u>06\/09\/2026 &#8211; 13\/09\/2026<\/u><\/strong><\/p>\n\n\n\n<p class=\"wp-block-paragraph\"><strong><u>Niedziela&nbsp;06\/09\/2026&nbsp;XXIII Niedziela Zwyk\u0142a<\/u><\/strong><\/p>\n\n\n\n<figure class=\"wp-block-table\"><table class=\"has-fixed-layout\"><tbody><tr><td>08:00<\/td><td>+ Bogus\u0142awa Batora od rodz. Dynda\u0142<\/td><\/tr><tr><td>09:30<\/td><td>+ Mieczys\u0142awa Klimczaka 14 r.\u015bm. od \u017cony, S\u0142awomira 17 r.\u015bm., Wies\u0142awa 4 r.\u015bm. Klimczak od mamy<\/td><\/tr><tr><td>11:30<\/td><td>&nbsp;&nbsp; Za parafian<\/td><\/tr><\/tbody><\/table><\/figure>\n\n\n\n<p class=\"wp-block-paragraph\">Poniedzia\u0142ek&nbsp;07\/09\/2026&nbsp;<\/p>\n\n\n\n<figure class=\"wp-block-table\"><table class=\"has-fixed-layout\"><tbody><tr><td>18:00<\/td><td>+ Kazimier\u0119 Grzybowsk\u0105 od Ma\u0142gorzaty Ch\u0119cia<\/td><\/tr><\/tbody><\/table><\/figure>\n\n\n\n<p class=\"wp-block-paragraph\">Wtorek&nbsp;08\/09\/2026&nbsp;<\/p>\n\n\n\n<figure class=\"wp-block-table\"><table class=\"has-fixed-layout\"><tbody><tr><td>18:00<\/td><td>+ Bogus\u0142awa Batora od wnuk\u00f3w Szymona i Kacpra<\/td><\/tr><\/tbody><\/table><\/figure>\n\n\n\n<p class=\"wp-block-paragraph\">\u015aroda&nbsp;09\/09\/2026&nbsp;<\/p>\n\n\n\n<figure class=\"wp-block-table\"><table class=\"has-fixed-layout\"><tbody><tr><td>07:00<\/td><td>+ Mariann\u0119 Musialak od rodz. Dynda\u0142\u00f3w<\/td><\/tr><\/tbody><\/table><\/figure>\n\n\n\n<p class=\"wp-block-paragraph\">Czwartek&nbsp;10\/09\/2026&nbsp;<\/p>\n\n\n\n<figure class=\"wp-block-table\"><table class=\"has-fixed-layout\"><tbody><tr><td>18:00<\/td><td>+ Leonarda Tyra\u0142\u0119 od rodz. Dziurowicz\u00f3w<\/td><\/tr><\/tbody><\/table><\/figure>\n\n\n\n<p class=\"wp-block-paragraph\">Pi\u0105tek&nbsp;11\/09\/2026&nbsp;<\/p>\n\n\n\n<figure class=\"wp-block-table\"><table class=\"has-fixed-layout\"><tbody><tr><td>18:00<\/td><td>+ Roberta Gruczy\u0144skiego od przyjaciela Grzegorza Kiedrzynka z rodz.<\/td><\/tr><\/tbody><\/table><\/figure>\n\n\n\n<p class=\"wp-block-paragraph\">Sobota&nbsp;12\/09\/2026&nbsp;<\/p>\n\n\n\n<figure class=\"wp-block-table\"><table class=\"has-fixed-layout\"><tbody><tr><td>18:00<\/td><td>+ Mariann\u0119 Musialak od kuzyna Zbigniewa z rodz.<br>+ Alojz\u0119 G\u0119dek od Czes\u0142awa G\u0119dek z rodz.<br>+ Tomasza 35 r.\u015bm., Mariann\u0119, Helen\u0119, Jana Starczewskich, El\u017cbiet\u0119, Ryszarda Miller<br>+ Czes\u0142aw\u0119 Janik od rodz. Florczyk\u00f3w, Kotas\u00f3w, Trzyna<br>+ Waldemara Korbel od rodz. Szymank\u00f3w z Jastrz\u0119bia Zdroju<br>+ Andrzeja Urba\u0144skiego od szwagierki Miros\u0142awy z rodz.<br>+ Janin\u0119 Nowak od Basi Jakubczak z synami<br>+ Jadwig\u0119 Szymanek od kole\u017canki Cecylii Kici\u0144skiej<br>+ Iren\u0119 14 r.\u015bm., Stanis\u0142awa Kott, Paw\u0142a, Zofi\u0119 Kromo\u0142owskich, Wies\u0142aw\u0119, Bronis\u0142awa Kluba<br>+ Wand\u0119 Przybyszewsk\u0105 od wnuka Jakuba z rodz.<br>+ Bronis\u0142awa Dryfika od \u017cony z dzie\u0107mi<br>+ Zbyszka Opara, Helen\u0119, J\u00f3zefa Klimczak<br>+ Edmunda Z\u0119bika od rodz. Wulf i Gorzelak<br>+ J\u00f3zefa P\u00f3\u0142ka od swatki Jadwigi + Halin\u0119 Cha\u0142adej 1 r.\u015bm. od syna Izydora z \u017con\u0105&nbsp;&nbsp;&nbsp;<\/td><\/tr><\/tbody><\/table><\/figure>\n\n\n\n<p class=\"wp-block-paragraph\"><strong><u>Niedziela&nbsp;13\/09\/2026&nbsp;XXIV Niedziela Zwyk\u0142a<\/u><\/strong><\/p>\n\n\n\n<figure class=\"wp-block-table\"><table class=\"has-fixed-layout\"><tbody><tr><td>08:00<\/td><td>+ Halin\u0119, Zenona Broncel, Edyt\u0119 Olesik, Teres\u0119, Tadeusza Cierpia\u0142, Monik\u0119, Tadeusza, Ryszarda Le\u015bniczek<\/td><\/tr><tr><td>09:30<\/td><td>+ Macieja G\u0142ogowskiego r.\u015bm. od rodzic\u00f3w<\/td><\/tr><tr><td>11:30<\/td><td>&nbsp;&nbsp; O b\u0142. Bo\u017ce, potrzebne \u0142aski i opiek\u0119 Matki Bo\u017cej Jasnog\u00f3rskiej dla naszych pielgrzym\u00f3w pieszych<\/td><\/tr><\/tbody><\/table><\/figure>\n","protected":false},"excerpt":{"rendered":"<p>06\/09\/2026 &#8211; 13\/09\/2026 Niedziela&nbsp;06\/09\/2026&nbsp;XXIII Niedziela Zwyk\u0142a 08:00 + Bogus\u0142awa Batora od rodz. Dynda\u0142 09:30 + Mieczys\u0142awa Klimczaka 14 r.\u015bm. od \u017cony, S\u0142awomira 17 r.\u015bm., Wies\u0142awa 4 r.\u015bm. Klimczak od mamy 11:30 &nbsp;&nbsp; Za parafian Poniedzia\u0142ek&nbsp;07\/09\/2026&nbsp; 18:00 + Kazimier\u0119 Grzybowsk\u0105 od Ma\u0142gorzaty Ch\u0119cia Wtorek&nbsp;08\/09\/2026&nbsp; 18:00 + Bogus\u0142awa Batora od wnuk\u00f3w Szymona i Kacpra \u015aroda&nbsp;09\/09\/2026&nbsp; 07:00 + [&hellip;]<\/p>\n","protected":false},"author":2,"featured_media":0,"comment_status":"closed","ping_status":"closed","sticky":false,"template":"","format":"standard","meta":{"footnotes":""},"categories":[8],"tags":[],"class_list":["post-4196","post","type-post","status-publish","format-standard","hentry","category-intencje-mszalne"],"_links":{"self":[{"href":"https:\/\/parafiateresa.pl\/index.php?rest_route=\/wp\/v2\/posts\/4196","targetHints":{"allow":["GET"]}}],"collection":[{"href":"https:\/\/parafiateresa.pl\/index.php?rest_route=\/wp\/v2\/posts"}],"about":[{"href":"https:\/\/parafiateresa.pl\/index.php?rest_route=\/wp\/v2\/types\/post"}],"author":[{"embeddable":true,"href":"https:\/\/parafiateresa.pl\/index.php?rest_route=\/wp\/v2\/users\/2"}],"replies":[{"embeddable":true,"href":"https:\/\/parafiateresa.pl\/index.php?rest_route=%2Fwp%2Fv2%2Fcomments&post=4196"}],"version-history":[{"count":1,"href":"https:\/\/parafiateresa.pl\/index.php?rest_route=\/wp\/v2\/posts\/4196\/revisions"}],"predecessor-version":[{"id":4197,"href":"https:\/\/parafiateresa.pl\/index.php?rest_route=\/wp\/v2\/posts\/4196\/revisions\/4197"}],"wp:attachment":[{"href":"https:\/\/parafiateresa.pl\/index.php?rest_route=%2Fwp%2Fv2%2Fmedia&parent=4196"}],"wp:term":[{"taxonomy":"category","embeddable":true,"href":"https:\/\/parafiateresa.pl\/index.php?rest_route=%2Fwp%2Fv2%2Fcategories&post=4196"},{"taxonomy":"post_tag","embeddable":true,"href":"https:\/\/parafiateresa.pl\/index.php?rest_route=%2Fwp%2Fv2%2Ftags&post=4196"}],"curies":[{"name":"wp","href":"https:\/\/api.w.org\/{rel}","templated":true}]}}