{"id":4193,"date":"2026-09-05T16:34:33","date_gmt":"2026-09-05T14:34:33","guid":{"rendered":"https:\/\/parafiateresa.pl\/?p=4193"},"modified":"2026-09-05T16:35:25","modified_gmt":"2026-09-05T14:35:25","slug":"ogloszenia-duszpasterskie-103","status":"publish","type":"post","link":"https:\/\/parafiateresa.pl\/?p=4193","title":{"rendered":"OG\u0141OSZENIA\u00a0 DUSZPASTERSKIE"},"content":{"rendered":"\n<p class=\"wp-block-paragraph\"><strong><u>XXIII&nbsp; NIEDZIELA&nbsp; ZWYK\u0141A&nbsp; 06.09.2026 r.<\/u><\/strong><\/p>\n\n\n\n<p class=\"wp-block-paragraph\"><strong>1.<\/strong> Dzisiaj na Mszy \u015bw. o godz. <strong>9.30<\/strong>. &nbsp;po\u015bwi\u0119c\u0119 pierwszoklasistom tornistry i przybory szkolne. A po Mszy \u015bw. zmiana tajemnic r\u00f3\u017ca\u0144cowych. Po Mszach \u015bw. dzieci i m\u0142odzie\u017c otrzymaj\u0105 indeksy.<\/p>\n\n\n\n<p class=\"wp-block-paragraph\"><strong>2.<\/strong> We wtorek przypada \u015bwi\u0119to Narodzenia Naj\u015bw. Maryi Panny.<\/p>\n\n\n\n<p class=\"wp-block-paragraph\"><strong>3.<\/strong> W czwartek 15 minut przed Msz\u0105 \u015bw. nabo\u017ce\u0144stwo do \u015bw. Tereski.<\/p>\n\n\n\n<p class=\"wp-block-paragraph\"><strong>4.<\/strong> W przysz\u0142\u0105 niedziel\u0119 rozpoczyna si\u0119 Tydzie\u0144 Wychowania &#8211; dni modlitw za dzieci, m\u0142odzie\u017c i wychowawc\u00f3w. <a>Po Mszy \u015bw. o godz. <strong>9.30<\/strong><\/a> spotkanie dla rodzic\u00f3w dzieci komunijnych, a po Mszy \u015bw. o godz. <strong>11.30<\/strong> nabo\u017ce\u0144stwo fatimskie.<\/p>\n\n\n\n<p class=\"wp-block-paragraph\"><strong>5.<\/strong> Przypominam rodzicom i m\u0142odzie\u017cy o obowi\u0105zku uczestnictwa w katechezie szkolnej. Zdarzaj\u0105 si\u0119 przypadki rezygnacji uczni\u00f3w z katechezy. Trzeba wtedy liczy\u0107 si\u0119 z konsekwencjami. Po przerwie nie mog\u0105 przyst\u0105pi\u0107 do kolejnych sakrament\u00f3w, nie mog\u0105 te\u017c zosta\u0107 rodzicami chrzestnymi. Od uczni\u00f3w szk\u00f3\u0142 ponadpodstawowych, kt\u00f3rzy chc\u0105 otrzyma\u0107 za\u015bwiadczenie, \u017ce mog\u0105 by\u0107 chrzestnymi wymagane jest bierzmowanie i za\u015bwiadczenie o uczestnictwie w katechezie szkolnej.<\/p>\n\n\n\n<p class=\"wp-block-paragraph\"><strong>6.<\/strong> Jest do nabycia tygodnik katolicki \u201e<strong>Niedziela<\/strong>\u201d.<\/p>\n\n\n\n<p class=\"wp-block-paragraph\"><strong>7.<\/strong> Jak zauwa\u017cyli\u015bcie, w naszym ko\u015bciele jest wystawa zrobiona na wz\u00f3r, kt\u00f3ry robi\u0142 \u015bw. Carlo Acutis, a po\u015bwi\u0119cona cudom eucharystycznym na \u015bwiecie. Warto po\u015bwi\u0119ci\u0107 chwil\u0119 czasu by si\u0119 z nimi zapozna\u0107. Oczywi\u015bcie s\u0105 to tylko wybrane miejsca. Wystawa b\u0119dzie u nas jeszcze w najbli\u017csz\u0105 niedziel\u0119.<\/p>\n\n\n\n<p class=\"wp-block-paragraph\"><strong>8.<\/strong> B\u00f3g zap\u0142a\u0107 8 osobom z ul. Rydla 1 za sprz\u0105tanie ko\u015bcio\u0142a i kaplicy i za kwiaty. Na najbli\u017cszy tydzie\u0144 zapraszam do sprz\u0105tania mieszka\u0144c\u00f3w ul. Rydla 2 i 3.<\/p>\n\n\n\n<p class=\"wp-block-paragraph\"><strong>9.<\/strong> W minionym tygodniu po\u017cegnali\u015bmy \u015bp. Mariann\u0119 Bry\u0142ka l. 81 z ul. Drzyma\u0142y. Wieczny odpoczynek\u2026..<\/p>\n","protected":false},"excerpt":{"rendered":"<p>XXIII&nbsp; NIEDZIELA&nbsp; ZWYK\u0141A&nbsp; 06.09.2026 r. 1. Dzisiaj na Mszy \u015bw. o godz. 9.30. &nbsp;po\u015bwi\u0119c\u0119 pierwszoklasistom tornistry i przybory szkolne. A po Mszy \u015bw. zmiana tajemnic r\u00f3\u017ca\u0144cowych. Po Mszach \u015bw. dzieci i m\u0142odzie\u017c otrzymaj\u0105 indeksy. 2. We wtorek przypada \u015bwi\u0119to Narodzenia Naj\u015bw. Maryi Panny. 3. W czwartek 15 minut przed Msz\u0105 \u015bw. nabo\u017ce\u0144stwo do \u015bw. Tereski. [&hellip;]<\/p>\n","protected":false},"author":2,"featured_media":0,"comment_status":"closed","ping_status":"closed","sticky":false,"template":"","format":"standard","meta":{"footnotes":""},"categories":[6],"tags":[],"class_list":["post-4193","post","type-post","status-publish","format-standard","hentry","category-ogloszenia-biezace"],"_links":{"self":[{"href":"https:\/\/parafiateresa.pl\/index.php?rest_route=\/wp\/v2\/posts\/4193","targetHints":{"allow":["GET"]}}],"collection":[{"href":"https:\/\/parafiateresa.pl\/index.php?rest_route=\/wp\/v2\/posts"}],"about":[{"href":"https:\/\/parafiateresa.pl\/index.php?rest_route=\/wp\/v2\/types\/post"}],"author":[{"embeddable":true,"href":"https:\/\/parafiateresa.pl\/index.php?rest_route=\/wp\/v2\/users\/2"}],"replies":[{"embeddable":true,"href":"https:\/\/parafiateresa.pl\/index.php?rest_route=%2Fwp%2Fv2%2Fcomments&post=4193"}],"version-history":[{"count":1,"href":"https:\/\/parafiateresa.pl\/index.php?rest_route=\/wp\/v2\/posts\/4193\/revisions"}],"predecessor-version":[{"id":4194,"href":"https:\/\/parafiateresa.pl\/index.php?rest_route=\/wp\/v2\/posts\/4193\/revisions\/4194"}],"wp:attachment":[{"href":"https:\/\/parafiateresa.pl\/index.php?rest_route=%2Fwp%2Fv2%2Fmedia&parent=4193"}],"wp:term":[{"taxonomy":"category","embeddable":true,"href":"https:\/\/parafiateresa.pl\/index.php?rest_route=%2Fwp%2Fv2%2Fcategories&post=4193"},{"taxonomy":"post_tag","embeddable":true,"href":"https:\/\/parafiateresa.pl\/index.php?rest_route=%2Fwp%2Fv2%2Ftags&post=4193"}],"curies":[{"name":"wp","href":"https:\/\/api.w.org\/{rel}","templated":true}]}}