{"id":4082,"date":"2026-05-02T15:59:17","date_gmt":"2026-05-02T13:59:17","guid":{"rendered":"https:\/\/parafiateresa.pl\/?p=4082"},"modified":"2026-05-02T15:59:18","modified_gmt":"2026-05-02T13:59:18","slug":"intencje-mszy-sw-78","status":"publish","type":"post","link":"https:\/\/parafiateresa.pl\/?p=4082","title":{"rendered":"INTENCJE MSZY \u015aW."},"content":{"rendered":"\n<p><strong><u>03\/05\/2026 &#8211; 10\/05\/2026<\/u><\/strong><\/p>\n\n\n\n<p><strong><u>Niedziela&nbsp;03\/05\/2026&nbsp;V Niedziela Wielkanocna<\/u><\/strong><\/p>\n\n\n\n<figure class=\"wp-block-table\"><table class=\"has-fixed-layout\"><tbody><tr><td>08:00<\/td><td>+ Franciszka r.\u015bm., Janin\u0119 Martela, Paulin\u0119, Micha\u0142a Ol\u0119dzkich<\/td><\/tr><tr><td>09:30<\/td><td>+ Bo\u017cen\u0119, Stanis\u0142awa Urba\u0144skich, Stanis\u0142aw\u0119, Zygmunta Jonczyk\u00f3w z okazji imienin od Joanny i Agnieszki z rodzinami<\/td><\/tr><tr><td>11:30<\/td><td>&nbsp;&nbsp; O pomy\u015blne zdanie matury i dostanie si\u0119 na studia dla Mai od rodzic\u00f3w i dziadk\u00f3w<\/td><\/tr><\/tbody><\/table><\/figure>\n\n\n\n<p>Poniedzia\u0142ek&nbsp;04\/05\/2026&nbsp;<\/p>\n\n\n\n<figure class=\"wp-block-table\"><table class=\"has-fixed-layout\"><tbody><tr><td>18:00<\/td><td>+ Piotra Mastalerza od Anity i Roberta z rodz.<\/td><\/tr><\/tbody><\/table><\/figure>\n\n\n\n<p>Wtorek&nbsp;05\/05\/2026&nbsp;<\/p>\n\n\n\n<figure class=\"wp-block-table\"><table class=\"has-fixed-layout\"><tbody><tr><td>18:00<\/td><td>+ Miros\u0142aw\u0119 Pasek od rodz. Rospondk\u00f3w i Cymer\u00f3w<\/td><\/tr><\/tbody><\/table><\/figure>\n\n\n\n<p>\u015aroda&nbsp;06\/05\/2026&nbsp;<\/p>\n\n\n\n<figure class=\"wp-block-table\"><table class=\"has-fixed-layout\"><tbody><tr><td>07:00<\/td><td>+ W\u0142adys\u0142awa Szyd\u0119 od Dyrekcji i prac. przedszkola nr 30 w Cz\u0119stochowie<\/td><\/tr><\/tbody><\/table><\/figure>\n\n\n\n<p>Czwartek&nbsp;07\/05\/2026&nbsp;<\/p>\n\n\n\n<figure class=\"wp-block-table\"><table class=\"has-fixed-layout\"><tbody><tr><td>18:00<\/td><td>+ Waldemara Jab\u0142o\u0144skiego od chrze\u015bniaka Paw\u0142a z rodz.<\/td><\/tr><\/tbody><\/table><\/figure>\n\n\n\n<p>Pi\u0105tek&nbsp;08\/05\/2026&nbsp;<\/p>\n\n\n\n<figure class=\"wp-block-table\"><table class=\"has-fixed-layout\"><tbody><tr><td>18:00<\/td><td>+ Stanis\u0142awa Jastrz\u0105bka &#8211; im.<\/td><\/tr><\/tbody><\/table><\/figure>\n\n\n\n<p>Sobota&nbsp;09\/05\/2026<\/p>\n\n\n\n<p>&nbsp;12:00&nbsp;&nbsp; W intencji druhen i druh\u00f3w z OSP z naszej parafii<\/p>\n\n\n\n<figure class=\"wp-block-table\"><table class=\"has-fixed-layout\"><tbody><tr><td>18:00<\/td><td>&nbsp;<\/td><td>+ Ryszarda Cierpia\u0142a od Ireny i Marka Koza z rodz. z Kielc<br>+ Stanis\u0142awa Jureczko od uczest. pog.<br>+ Henryka Borala od rodz. Gli\u0144skich<br>+ Kazimier\u0119 Grzybowsk\u0105 od uczest. pog.<br>+ Andrzeja Ujm\u0119 7 r.\u015bm. od \u017cony z dzie\u0107mi<br>+ Jadwig\u0119 Rakus 1 r.\u015bm.<br>+ Roberta Gruczy\u0144skiego od Lidii i W\u0142adys\u0142awa \u0141opatk\u00f3w z rodz.<br>+ Bogus\u0142awa Batora od rodz. Mazur\u00f3w<br>+ Antonin\u0119 Trzepizur od synowej i wnuk\u00f3w Anety, Piotra i Nadii<br>+ Wies\u0142awa Rzeczyckiego od s\u0105siad\u00f3w Pijet\u00f3w i Janik\u00f3w<br>+ Leonarda Tyra\u0142\u0119 od s\u0105siad\u00f3w<br>+ Tadeusza Cabana od rodz. \u015aciebur\u00f3w, Przybylskich i Ga\u0142w\u00f3w<br>+ Jadwig\u0119 Chabrowsk\u0105 od Renaty i Ryszarda Baran<\/td><\/tr><\/tbody><\/table><\/figure>\n\n\n\n<p><strong><u>Niedziela&nbsp;10\/05\/2026&nbsp;VI Niedziela Wielkanocna<\/u><\/strong><\/p>\n\n\n\n<figure class=\"wp-block-table\"><table class=\"has-fixed-layout\"><tbody><tr><td>08:00<\/td><td>+ Mart\u0119 10 r.\u015bm., Paw\u0142a Wiewi\u00f3rka<\/td><\/tr><tr><td>09:30<\/td><td>+ Halin\u0119 Grzyb 18 r.\u015bm.<\/td><\/tr><tr><td>11:30<\/td><td>&nbsp;&nbsp; O b\u0142. Bo\u017ce, potrzebne \u0142aski, zdrowie i opiek\u0119 Matki Naj\u015bwi\u0119tszej dla dzieci od mamy<\/td><\/tr><\/tbody><\/table><\/figure>\n","protected":false},"excerpt":{"rendered":"<p>03\/05\/2026 &#8211; 10\/05\/2026 Niedziela&nbsp;03\/05\/2026&nbsp;V Niedziela Wielkanocna 08:00 + Franciszka r.\u015bm., Janin\u0119 Martela, Paulin\u0119, Micha\u0142a Ol\u0119dzkich 09:30 + Bo\u017cen\u0119, Stanis\u0142awa Urba\u0144skich, Stanis\u0142aw\u0119, Zygmunta Jonczyk\u00f3w z okazji imienin od Joanny i Agnieszki z rodzinami 11:30 &nbsp;&nbsp; O pomy\u015blne zdanie matury i dostanie si\u0119 na studia dla Mai od rodzic\u00f3w i dziadk\u00f3w Poniedzia\u0142ek&nbsp;04\/05\/2026&nbsp; 18:00 + Piotra Mastalerza od [&hellip;]<\/p>\n","protected":false},"author":2,"featured_media":0,"comment_status":"closed","ping_status":"closed","sticky":false,"template":"","format":"standard","meta":{"footnotes":""},"categories":[8],"tags":[],"class_list":["post-4082","post","type-post","status-publish","format-standard","hentry","category-intencje-mszalne"],"_links":{"self":[{"href":"https:\/\/parafiateresa.pl\/index.php?rest_route=\/wp\/v2\/posts\/4082"}],"collection":[{"href":"https:\/\/parafiateresa.pl\/index.php?rest_route=\/wp\/v2\/posts"}],"about":[{"href":"https:\/\/parafiateresa.pl\/index.php?rest_route=\/wp\/v2\/types\/post"}],"author":[{"embeddable":true,"href":"https:\/\/parafiateresa.pl\/index.php?rest_route=\/wp\/v2\/users\/2"}],"replies":[{"embeddable":true,"href":"https:\/\/parafiateresa.pl\/index.php?rest_route=%2Fwp%2Fv2%2Fcomments&post=4082"}],"version-history":[{"count":1,"href":"https:\/\/parafiateresa.pl\/index.php?rest_route=\/wp\/v2\/posts\/4082\/revisions"}],"predecessor-version":[{"id":4083,"href":"https:\/\/parafiateresa.pl\/index.php?rest_route=\/wp\/v2\/posts\/4082\/revisions\/4083"}],"wp:attachment":[{"href":"https:\/\/parafiateresa.pl\/index.php?rest_route=%2Fwp%2Fv2%2Fmedia&parent=4082"}],"wp:term":[{"taxonomy":"category","embeddable":true,"href":"https:\/\/parafiateresa.pl\/index.php?rest_route=%2Fwp%2Fv2%2Fcategories&post=4082"},{"taxonomy":"post_tag","embeddable":true,"href":"https:\/\/parafiateresa.pl\/index.php?rest_route=%2Fwp%2Fv2%2Ftags&post=4082"}],"curies":[{"name":"wp","href":"https:\/\/api.w.org\/{rel}","templated":true}]}}