{"id":4080,"date":"2026-05-02T15:57:31","date_gmt":"2026-05-02T13:57:31","guid":{"rendered":"https:\/\/parafiateresa.pl\/?p=4080"},"modified":"2026-05-02T15:57:31","modified_gmt":"2026-05-02T13:57:31","slug":"ogloszenia-duszpasterskie-86","status":"publish","type":"post","link":"https:\/\/parafiateresa.pl\/?p=4080","title":{"rendered":"OG\u0141OSZENIA\u00a0 DUSZPASTERSKIE"},"content":{"rendered":"\n<p><strong><u>V NIEDZIELA WIELKANOCNA &nbsp;03.05.2026 r.<\/u><\/strong><\/p>\n\n\n\n<p><strong>1.<\/strong> Dzisiaj obchodzimy \u015awi\u0119to Konstytucji 3 Maja. Po Mszy \u015bw. o&nbsp; g. <strong>9.30<\/strong> zmiana tajemnic r\u00f3\u017ca\u0144cowych. Nabo\u017ce\u0144stwo majowe po Mszy \u015bw. o godz. <strong>11.30.<\/strong><\/p>\n\n\n\n<p><strong>2. <\/strong>Nabo\u017ce\u0144stwa majowe w dni powszednie po Mszy \u015bw. o g. <strong>18.00<\/strong>, z wyj\u0105tkiem \u015brody (rano). Kancelaria czynna mo\u017ce by\u0107 kilka minut p\u00f3\u017aniej, ze wzgl\u0119du na nabo\u017ce\u0144stwo.<\/p>\n\n\n\n<p><strong>3. <\/strong>W poniedzia\u0142ek wspomnienie \u015bw. Floriana patrona stra\u017cak\u00f3w. W spos\u00f3b szczeg\u00f3lny w ich intencji modli\u0107 si\u0119 b\u0119dziemy w sobot\u0119 o g. <strong>12.00<\/strong>. Zapraszam na wsp\u00f3ln\u0105 modlitw\u0119 dzi\u0119kuj\u0105c za ich ofiarn\u0105 s\u0142u\u017cb\u0119.<\/p>\n\n\n\n<p><strong>4. <\/strong>Dzieci przygotowuj\u0105ce si\u0119 do I Komunii \u015bw. zapraszam na spotkanie w ko\u015bciele w \u015brod\u0119, czwartek i pi\u0105tek o godz. <strong>16.30<\/strong>.<\/p>\n\n\n\n<p><strong>5. <\/strong>W pi\u0105tek przypada uroczysto\u015b\u0107 \u015bw. Stanis\u0142awa B. i M. g\u0142\u00f3wnego patrona Polski. W tym dniu przypada te\u017c I rocz. wyboru papie\u017ca Leona XIV na Stolic\u0119 Piotrow\u0105. Wspomagajmy Go nasz\u0105 modlitw\u0105. W\u00a0 pi\u0105tek z racji uroczysto\u015bci mo\u017cna spo\u017cywa\u0107 pokarmy mi\u0119sne.<\/p>\n\n\n\n<p><strong>6. <\/strong>W przysz\u0142\u0105 niedziel\u0119 ( wyj\u0105tkowo ) po Mszy \u015bw. o godz. <strong>9.30<\/strong> spotkanie dla m\u0142odzie\u017cy przygotowuj\u0105cej si\u0119 do bierzmowania.<\/p>\n\n\n\n<p><strong>7. <\/strong>Rozbudowa cmentarza idzie bardzo powoli ze wzgl\u0119d\u00f3w formalnych, a teraz mamy dodatkow\u0105 atrakcje w postaci jednego z s\u0105siad\u00f3w przysz\u0142ego cmentarza, kt\u00f3ry pr\u00f3buje zablokowa\u0107 jego rozbudow\u0119.<\/p>\n\n\n\n<p><strong>8.<\/strong> B\u00f3g zap\u0142a\u0107 4 osobom z wyznaczonego odcinka ul. Le\u015bnej za sprz\u0105tanie ko\u015bcio\u0142a i kaplicy i za ofiar\u0119 w kwocie 200 z\u0142. W tym tygodniu zapraszam do sprz\u0105tania kolejnych mieszka\u0144c\u00f3w ul. Le\u015bnej do nr 140, obie strony i ul. \u015awierkowej.<\/p>\n\n\n\n<p><strong>9. <\/strong>Jest do nabycia tygodnik katolicki \u201e<strong>Niedziela<\/strong>\u201d.<\/p>\n","protected":false},"excerpt":{"rendered":"<p>V NIEDZIELA WIELKANOCNA &nbsp;03.05.2026 r. 1. Dzisiaj obchodzimy \u015awi\u0119to Konstytucji 3 Maja. Po Mszy \u015bw. o&nbsp; g. 9.30 zmiana tajemnic r\u00f3\u017ca\u0144cowych. Nabo\u017ce\u0144stwo majowe po Mszy \u015bw. o godz. 11.30. 2. Nabo\u017ce\u0144stwa majowe w dni powszednie po Mszy \u015bw. o g. 18.00, z wyj\u0105tkiem \u015brody (rano). Kancelaria czynna mo\u017ce by\u0107 kilka minut p\u00f3\u017aniej, ze wzgl\u0119du na [&hellip;]<\/p>\n","protected":false},"author":2,"featured_media":0,"comment_status":"closed","ping_status":"closed","sticky":false,"template":"","format":"standard","meta":{"footnotes":""},"categories":[6],"tags":[],"class_list":["post-4080","post","type-post","status-publish","format-standard","hentry","category-ogloszenia-biezace"],"_links":{"self":[{"href":"https:\/\/parafiateresa.pl\/index.php?rest_route=\/wp\/v2\/posts\/4080"}],"collection":[{"href":"https:\/\/parafiateresa.pl\/index.php?rest_route=\/wp\/v2\/posts"}],"about":[{"href":"https:\/\/parafiateresa.pl\/index.php?rest_route=\/wp\/v2\/types\/post"}],"author":[{"embeddable":true,"href":"https:\/\/parafiateresa.pl\/index.php?rest_route=\/wp\/v2\/users\/2"}],"replies":[{"embeddable":true,"href":"https:\/\/parafiateresa.pl\/index.php?rest_route=%2Fwp%2Fv2%2Fcomments&post=4080"}],"version-history":[{"count":1,"href":"https:\/\/parafiateresa.pl\/index.php?rest_route=\/wp\/v2\/posts\/4080\/revisions"}],"predecessor-version":[{"id":4081,"href":"https:\/\/parafiateresa.pl\/index.php?rest_route=\/wp\/v2\/posts\/4080\/revisions\/4081"}],"wp:attachment":[{"href":"https:\/\/parafiateresa.pl\/index.php?rest_route=%2Fwp%2Fv2%2Fmedia&parent=4080"}],"wp:term":[{"taxonomy":"category","embeddable":true,"href":"https:\/\/parafiateresa.pl\/index.php?rest_route=%2Fwp%2Fv2%2Fcategories&post=4080"},{"taxonomy":"post_tag","embeddable":true,"href":"https:\/\/parafiateresa.pl\/index.php?rest_route=%2Fwp%2Fv2%2Ftags&post=4080"}],"curies":[{"name":"wp","href":"https:\/\/api.w.org\/{rel}","templated":true}]}}