{"id":4074,"date":"2026-04-25T16:14:39","date_gmt":"2026-04-25T14:14:39","guid":{"rendered":"https:\/\/parafiateresa.pl\/?p=4074"},"modified":"2026-04-25T21:18:23","modified_gmt":"2026-04-25T19:18:23","slug":"intencje-mszy-sw-77","status":"publish","type":"post","link":"https:\/\/parafiateresa.pl\/?p=4074","title":{"rendered":"INTENCJE MSZY \u015aW."},"content":{"rendered":"\n<p><strong><u>26\/04\/2026 &#8211; 03\/05\/2026<\/u><\/strong><\/p>\n\n\n\n<p><strong><u>Niedziela&nbsp;26\/04\/2026&nbsp;IV Niedziela Wielkanocna<\/u><\/strong><\/p>\n\n\n\n<figure class=\"wp-block-table\"><table class=\"has-fixed-layout\"><tbody><tr><td>08:00<\/td><td>+ Halin\u0119 Broncel 5 r.\u015bm.<\/td><\/tr><tr><td>09:30<\/td><td>+ Jadwig\u0119, Jana, Zofi\u0119 Jana Cierpia\u0142, Helen\u0119, Ignacego Moro\u0144<\/td><\/tr><tr><td>11:30<\/td><td>&#8211; O b\u0142. Bo\u017ce, potrzebne \u0142aski, zdrowie i opiek\u0119 Matki Naj\u015bwi\u0119tszej dla Oli z racji 30 ur.<br>&#8211; O b\u0142. Bo\u017ce, potrzebne \u0142aski, zdrowie i opiek\u0119 Matki Naj\u015bwi\u0119tszej dla Miko\u0142aja Koby\u0142kiewicza z racji roczku<\/td><\/tr><\/tbody><\/table><\/figure>\n\n\n\n<p>Poniedzia\u0142ek&nbsp;27\/04\/2026&nbsp;<\/p>\n\n\n\n<figure class=\"wp-block-table\"><table class=\"has-fixed-layout\"><tbody><tr><td>18:00<\/td><td>+ Piotra Mastalerza od \u017cony z synem i c\u00f3rki z m\u0119\u017cem<\/td><\/tr><\/tbody><\/table><\/figure>\n\n\n\n<p>Wtorek&nbsp;28\/04\/2026&nbsp;<\/p>\n\n\n\n<figure class=\"wp-block-table\"><table class=\"has-fixed-layout\"><tbody><tr><td>18:00<\/td><td>+ Magdalen\u0119 Malinowsk\u0105 od rodz. Malig\u0142\u00f3wka<\/td><\/tr><\/tbody><\/table><\/figure>\n\n\n\n<p>\u015aroda&nbsp;29\/04\/2026&nbsp;<\/p>\n\n\n\n<figure class=\"wp-block-table\"><table class=\"has-fixed-layout\"><tbody><tr><td>07:00<\/td><td>+ Kazimier\u0119 Grzybowsk\u0105 od Zak\u0142adu Pogrzebowego &#8222;OAZA&#8221;<\/td><\/tr><\/tbody><\/table><\/figure>\n\n\n\n<p>Czwartek&nbsp;30\/04\/2026&nbsp;<\/p>\n\n\n\n<figure class=\"wp-block-table\"><table class=\"has-fixed-layout\"><tbody><tr><td>18:00<\/td><td>+ Krzysztofa Sosn\u0119 od Mateusza Zych z \u017con\u0105<\/td><\/tr><\/tbody><\/table><\/figure>\n\n\n\n<p>Pi\u0105tek&nbsp;01\/05\/2026&nbsp;<\/p>\n\n\n\n<figure class=\"wp-block-table\"><table class=\"has-fixed-layout\"><tbody><tr><td>18:00<\/td><td>+ Miros\u0142aw\u0119 Pasek od s\u0105siad\u00f3w z ul. Drzyma\u0142y 10<\/td><\/tr><\/tbody><\/table><\/figure>\n\n\n\n<p>Sobota&nbsp;02\/05\/2026&nbsp;<\/p>\n\n\n\n<figure class=\"wp-block-table\"><table class=\"has-fixed-layout\"><tbody><tr><td>18:00<\/td><td>+ Zdzis\u0142awa Rudolfa, Iren\u0119 Kubick\u0105<br>+ Natali\u0119 Bonin, Adama \u015al\u0119zaka<br>+ Edmunda Tyra\u0142\u0119 od Aleksandry z rodz.<br>+ Lucyn\u0119 r.\u015bm., Bronis\u0142awa, Wand\u0119, Lecha, Mariusza Jachymskich<br>+ Jerzego, Krystyn\u0119, Marka, Ma\u0142gorzat\u0119 K\u0119pi\u0144skich<br>+ Wies\u0142awa Owczarek 25 r.\u015bm.<br>+ Ryszarda Cierpia\u0142a od siostry Lucyny z rodz.<br>+ Stanis\u0142awa Jureczko od rodz. Bry\u0142\u00f3w<br>+ Henryka Borala od rodz. Matuszczyk\u00f3w<br>+ Roberta Gruczy\u0144skiego od Aleksandry i Romana Ca\u0142us z dzie\u0107mi<br>+ Bogus\u0142awa Batora od s\u0105siad\u00f3w \u015awie\u017cych<br>+ Henryka Bednarka od uczest. pog.<br>+ Antonin\u0119 Trzepizur od wnuczki Sylwii z rodz.<br>+ Wies\u0142awa Rzeczyckiego od siostry Joanny z m\u0119\u017cem i rodz.<br>+ Bo\u017cen\u0119 Kapita\u0144sk\u0105 od swat\u00f3w Paw\u0142a i Anny Sobczyk<br>+ Leonarda Tyra\u0142\u0119 od rodz. Ociep\u00f3w i Kukli\u00a0\u00a0\u00a0\u00a0\u00a0\u00a0\u00a0\u00a0\u00a0\u00a0\u00a0<br>+ Teres\u0119, Ryszarda, Mariann\u0119, Stefana Najgebauer, Mariann\u0119, Jana Dr\u00f3\u017cd\u017c, Gra\u017cyn\u0119 Wawszczak<br>+ Mariann\u0119, Stanis\u0142awa, Bronis\u0142aw\u0119 Przepi\u00f3ra, Stanis\u0142awa Grzywny, Apoloni\u0119, Piotra Ch\u0119cia, Bronis\u0142awa Dryfik<br>+ Kazimier\u0119 Czerwik 7 r.\u015bm. od c\u00f3rki Jadwigi z rodz.<br>+ Bogdana Czerwik 8 r.\u015bm. od siostry Jadwigi z rodz.<\/td><\/tr><\/tbody><\/table><\/figure>\n\n\n\n<p><strong><u>Niedziela&nbsp;03\/05\/2026&nbsp;V Niedziela Wielkanocna<\/u><\/strong><\/p>\n\n\n\n<figure class=\"wp-block-table\"><table class=\"has-fixed-layout\"><tbody><tr><td>08:00<\/td><td>+ Franciszka r.\u015bm., Janin\u0119 Martela, Paulin\u0119, Micha\u0142a Ol\u0119dzkich<\/td><\/tr><tr><td>09:30<\/td><td>+ Bo\u017cen\u0119, Stanis\u0142awa Urba\u0144skich, Stanis\u0142aw\u0119, Zygmunta Jonczyk\u00f3w z okazji imienin od Joanny i Agnieszki z rodzinami<\/td><\/tr><tr><td>11:30<\/td><td>&nbsp;&nbsp; O pomy\u015blne zdanie matury i dostanie si\u0119 na studia dla Mai od rodzic\u00f3w i dziadk\u00f3w<\/td><\/tr><\/tbody><\/table><\/figure>\n","protected":false},"excerpt":{"rendered":"<p>26\/04\/2026 &#8211; 03\/05\/2026 Niedziela&nbsp;26\/04\/2026&nbsp;IV Niedziela Wielkanocna 08:00 + Halin\u0119 Broncel 5 r.\u015bm. 09:30 + Jadwig\u0119, Jana, Zofi\u0119 Jana Cierpia\u0142, Helen\u0119, Ignacego Moro\u0144 11:30 &#8211; O b\u0142. Bo\u017ce, potrzebne \u0142aski, zdrowie i opiek\u0119 Matki Naj\u015bwi\u0119tszej dla Oli z racji 30 ur.&#8211; O b\u0142. Bo\u017ce, potrzebne \u0142aski, zdrowie i opiek\u0119 Matki Naj\u015bwi\u0119tszej dla Miko\u0142aja Koby\u0142kiewicza z racji [&hellip;]<\/p>\n","protected":false},"author":2,"featured_media":0,"comment_status":"closed","ping_status":"closed","sticky":false,"template":"","format":"standard","meta":{"footnotes":""},"categories":[8],"tags":[],"class_list":["post-4074","post","type-post","status-publish","format-standard","hentry","category-intencje-mszalne"],"_links":{"self":[{"href":"https:\/\/parafiateresa.pl\/index.php?rest_route=\/wp\/v2\/posts\/4074"}],"collection":[{"href":"https:\/\/parafiateresa.pl\/index.php?rest_route=\/wp\/v2\/posts"}],"about":[{"href":"https:\/\/parafiateresa.pl\/index.php?rest_route=\/wp\/v2\/types\/post"}],"author":[{"embeddable":true,"href":"https:\/\/parafiateresa.pl\/index.php?rest_route=\/wp\/v2\/users\/2"}],"replies":[{"embeddable":true,"href":"https:\/\/parafiateresa.pl\/index.php?rest_route=%2Fwp%2Fv2%2Fcomments&post=4074"}],"version-history":[{"count":3,"href":"https:\/\/parafiateresa.pl\/index.php?rest_route=\/wp\/v2\/posts\/4074\/revisions"}],"predecessor-version":[{"id":4078,"href":"https:\/\/parafiateresa.pl\/index.php?rest_route=\/wp\/v2\/posts\/4074\/revisions\/4078"}],"wp:attachment":[{"href":"https:\/\/parafiateresa.pl\/index.php?rest_route=%2Fwp%2Fv2%2Fmedia&parent=4074"}],"wp:term":[{"taxonomy":"category","embeddable":true,"href":"https:\/\/parafiateresa.pl\/index.php?rest_route=%2Fwp%2Fv2%2Fcategories&post=4074"},{"taxonomy":"post_tag","embeddable":true,"href":"https:\/\/parafiateresa.pl\/index.php?rest_route=%2Fwp%2Fv2%2Ftags&post=4074"}],"curies":[{"name":"wp","href":"https:\/\/api.w.org\/{rel}","templated":true}]}}