{"id":4072,"date":"2026-04-25T16:11:19","date_gmt":"2026-04-25T14:11:19","guid":{"rendered":"https:\/\/parafiateresa.pl\/?p=4072"},"modified":"2026-04-25T16:11:19","modified_gmt":"2026-04-25T14:11:19","slug":"ogloszenia-duszpasterskie-85","status":"publish","type":"post","link":"https:\/\/parafiateresa.pl\/?p=4072","title":{"rendered":"OG\u0141OSZENIA\u00a0 DUSZPASTERSKIE"},"content":{"rendered":"\n<p><strong><u>IV NIEDZIELA WIELKANOCNA&nbsp; 26.04.2026 r.<\/u><\/strong><\/p>\n\n\n\n<p><strong>1.<\/strong> Obecna niedziela Dobrego Pasterza rozpoczyna kwartalne dni modlitw o powo\u0142ania do s\u0142u\u017cby w Ko\u015bciele. Modlimy si\u0119 o nowe powo\u0142ania kap\u0142a\u0144skie i zakonne szczeg\u00f3lnie z naszej parafii, nie zapominaj\u0105c o tych, kt\u00f3rzy ju\u017c odpowiedzieli na wezwanie Chrystusa. Przypominam o dzisiejszym mini koncercie po\u015bwi\u0119conym \u015bp. Alicji Go\u0142aszewskiej.<\/p>\n\n\n\n<p><strong>2. <\/strong>Dzieci przygotowuj\u0105ce si\u0119 do I Komunii \u015bw. zapraszam na spotkania w ko\u015bciele w \u015brod\u0119 o g. <strong>16.30<\/strong>.<\/p>\n\n\n\n<p><strong>3.<\/strong> Przypominam, \u017ce w czwartki <strong>15minut<\/strong> przed Msz\u0105 \u015bw. odprawiane jest nabo\u017ce\u0144stwo do \u015bw. Tereski. Zapraszam.<\/p>\n\n\n\n<p><strong>4. <\/strong>W tym tygodniu przypada I pi\u0105tek i sobota miesi\u0105ca. Spowied\u017a w pi\u0105tek od g. <strong>16.30<\/strong>. Do chorych pojad\u0119 od g. <strong>9.00<\/strong>.<\/p>\n\n\n\n<p><strong>5.<\/strong> W pi\u0105tek przypada wspomnienie \u015bw. J\u00f3zefa Rzemie\u015blnika i rozpoczyna si\u0119 miesi\u0105c maj wraz z nabo\u017ce\u0144stwami majowymi. Zapraszam do udzia\u0142u w tych nabo\u017ce\u0144stwach wszystkich parafian. Tam gdzie istnieje zwyczaj, zbierajmy si\u0119 przy krzy\u017cach i kapliczkach na \u201emaj\u00f3wki\u201d i postarajmy si\u0119 o odnowienie i udekorowanie tych miejsc. Nabo\u017ce\u0144stwa majowe w ko\u015bciele w dni powszednie po Mszy \u015bw. popo\u0142udniowej, z wyj\u0105tkiem \u015brody (rano) a w I, II i V niedziel\u0119<strong> <\/strong>miesi\u0105ca po Mszy \u015bw. o godz. <strong>11.30, <\/strong>pozosta\u0142e dwie niedziele <a>po Mszy \u015bw. o <\/a><strong>9.30<\/strong> ( recytowane ) z uwagi na uroczysto\u015bci. W&nbsp; pi\u0105tek dyspensa Ks. Arcybiskupa od spo\u017cywania pokarm\u00f3w mi\u0119snych.<\/p>\n\n\n\n<p><strong>6. <\/strong>W sobot\u0119 Uroczysto\u015b\u0107 Naj\u015bwi\u0119tszej Maryi Panny Kr\u00f3lowej Polski, bo niedziele wielkanocne nie przyjmuj\u0105 uroczysto\u015bci. Msza \u015bw. o g. <strong>18.00<\/strong>. <strong>2 maja<\/strong> przypada r\u00f3wnie\u017c Dzie\u0144 Flagi Narodowej. Pami\u0119tajmy o wywieszeniu naszego symbolu narodowego, jako wyrazu naszego patriotyzmu. \u00a0<\/p>\n\n\n\n<p><strong>7.<\/strong> W przysz\u0142\u0105 niedziel\u0119 obchodzimy \u015awi\u0119to Konstytucji 3 Maja. Po Mszy \u015bw. o&nbsp; g. <strong>9.30 <\/strong>zmiana tajemnic r\u00f3\u017ca\u0144cowych.<\/p>\n\n\n\n<p><strong>8.<\/strong> Rocznica I Komunii \u015bw. jest planowana na 24 maja g. <strong>11.30.<\/strong><\/p>\n\n\n\n<p><strong>9.<\/strong> B\u00f3g zap\u0142a\u0107 za 3 ofiary z\u0142o\u017cone na tac\u0119 inwestycyjn\u0105 w kwocie 3431 z\u0142.<\/p>\n\n\n\n<p><strong>10.<\/strong> B\u00f3g zap\u0142a\u0107 5 osobom z wyznaczonego odcinka ul. Le\u015bnej za sprz\u0105tanie ko\u015bcio\u0142a i kaplicy i za ofiar\u0119 w kwocie 100 z\u0142. W tym tygodniu zapraszam do sprz\u0105tania kolejnych mieszka\u0144c\u00f3w ul. Le\u015bnej do nr 120. Obie strony.<\/p>\n\n\n\n<p><strong>11. <\/strong>Jest do nabycia tygodnik katolicki \u201e<strong>Niedziela<\/strong>\u201d.<\/p>\n","protected":false},"excerpt":{"rendered":"<p>IV NIEDZIELA WIELKANOCNA&nbsp; 26.04.2026 r. 1. Obecna niedziela Dobrego Pasterza rozpoczyna kwartalne dni modlitw o powo\u0142ania do s\u0142u\u017cby w Ko\u015bciele. Modlimy si\u0119 o nowe powo\u0142ania kap\u0142a\u0144skie i zakonne szczeg\u00f3lnie z naszej parafii, nie zapominaj\u0105c o tych, kt\u00f3rzy ju\u017c odpowiedzieli na wezwanie Chrystusa. Przypominam o dzisiejszym mini koncercie po\u015bwi\u0119conym \u015bp. Alicji Go\u0142aszewskiej. 2. Dzieci przygotowuj\u0105ce si\u0119 [&hellip;]<\/p>\n","protected":false},"author":2,"featured_media":0,"comment_status":"closed","ping_status":"closed","sticky":false,"template":"","format":"standard","meta":{"footnotes":""},"categories":[6],"tags":[],"class_list":["post-4072","post","type-post","status-publish","format-standard","hentry","category-ogloszenia-biezace"],"_links":{"self":[{"href":"https:\/\/parafiateresa.pl\/index.php?rest_route=\/wp\/v2\/posts\/4072"}],"collection":[{"href":"https:\/\/parafiateresa.pl\/index.php?rest_route=\/wp\/v2\/posts"}],"about":[{"href":"https:\/\/parafiateresa.pl\/index.php?rest_route=\/wp\/v2\/types\/post"}],"author":[{"embeddable":true,"href":"https:\/\/parafiateresa.pl\/index.php?rest_route=\/wp\/v2\/users\/2"}],"replies":[{"embeddable":true,"href":"https:\/\/parafiateresa.pl\/index.php?rest_route=%2Fwp%2Fv2%2Fcomments&post=4072"}],"version-history":[{"count":1,"href":"https:\/\/parafiateresa.pl\/index.php?rest_route=\/wp\/v2\/posts\/4072\/revisions"}],"predecessor-version":[{"id":4073,"href":"https:\/\/parafiateresa.pl\/index.php?rest_route=\/wp\/v2\/posts\/4072\/revisions\/4073"}],"wp:attachment":[{"href":"https:\/\/parafiateresa.pl\/index.php?rest_route=%2Fwp%2Fv2%2Fmedia&parent=4072"}],"wp:term":[{"taxonomy":"category","embeddable":true,"href":"https:\/\/parafiateresa.pl\/index.php?rest_route=%2Fwp%2Fv2%2Fcategories&post=4072"},{"taxonomy":"post_tag","embeddable":true,"href":"https:\/\/parafiateresa.pl\/index.php?rest_route=%2Fwp%2Fv2%2Ftags&post=4072"}],"curies":[{"name":"wp","href":"https:\/\/api.w.org\/{rel}","templated":true}]}}